{"id":604925,"__str__":"Indica\u00e7\u00e3o n\u00ba 1 de 2023","link_detail_backend":"/materia/604925","metadata":{},"numero":1,"ano":2023,"numero_protocolo":49295,"data_apresentacao":"2023-02-06","tipo_apresentacao":"","data_publicacao":null,"numero_origem_externa":"","ano_origem_externa":null,"data_origem_externa":null,"apelido":"","dias_prazo":null,"data_fim_prazo":null,"em_tramitacao":false,"polemica":false,"objeto":"","complementar":false,"ementa":"Sugere ao Executivo Municipal que proceda estudos visando enviar a esta Casa de Leis Projeto de Lei disciplinando a ado\u00e7\u00e3o de hor\u00e1rio especial de trabalho aos servidores p\u00fablicos municipais portadores de necessidades especiais bem como aos servidores que tenham c\u00f4njuge, filho ou dependente enquadrados nessas condi\u00e7\u00f5es, considerando que, em sess\u00e3o realizada no dia 17 de dezembro de 2022, o Tribunal Pleno do Superior Tribunal Federal \u2013 STF, apreciando o tema 1.097 de repercuss\u00e3o geral, deu provimento ao recurso extraordin\u00e1rio e fixou a seguinte tese: \u201cAos servidores p\u00fablicos estaduais e municipais \u00e9 aplicado, para todos os efeitos, o art. 98, \u00a7 2\u00b0 e \u00a7 3\u00b0, da Lei 8.112/1990\u201d.","indexacao":"","observacao":"","resultado":"","texto_original":"http://sapl.pompeia.sp.leg.br/media/sapl/public/materialegislativa/2023/604925/ind1-23.pdf","data_ultima_atualizacao":"2023-02-08T13:07:12.334956-03:00","ip":"189.90.97.37","ultima_edicao":"2023-02-08T13:07:12.068750-03:00","tipo":19,"regime_tramitacao":1,"tipo_origem_externa":null,"local_origem_externa":null,"user":31,"anexadas":[],"autores":[146]}